{"id":12024,"date":"2023-03-03T14:58:29","date_gmt":"2023-03-03T14:58:29","guid":{"rendered":"https:\/\/www.ger-portugal.com\/?p=12024"},"modified":"2023-03-04T08:36:59","modified_gmt":"2023-03-04T08:36:59","slug":"7a-reuniao-internacional-do-grupo-de-estudos-da-retina-2","status":"publish","type":"post","link":"https:\/\/www.ger-portugal.com\/?p=12024","title":{"rendered":"7\u00aa REUNI\u00c3O INTERNACIONAL DO GRUPO DE ESTUDOS DA RETINA"},"content":{"rendered":"<section class=\"wpb-content-wrapper\"><p>[vc_row padding_top=&#8221;10%&#8221;][vc_column width=&#8221;1\/2&#8243;][vc_column_text]<\/p>\n<div dir=\"auto\"><\/div>\n<div dir=\"auto\">Com mais de duas centenas de participantes, a 7.\u00aa Reuni\u00e3o Cient\u00edfica GER decorreu dias 24 e 25 de fevereiro, em Lisboa. Dois dias de intensa atividade cient\u00edfica com apresenta\u00e7\u00f5es \u00a0de novidades no dom\u00ednio da retina.<\/div>\n<div dir=\"auto\"><\/div>\n<div dir=\"auto\"><\/div>\n<div dir=\"auto\">O GER agradece a presen\u00e7a de todos os oradores que elevaram a qualidade do evento, bem como de todos os colegas presentes.<\/div>\n<div><\/div>\n<p>[\/vc_column_text]<div class=\"grve-element grve-image grve-align-center\" style=\"\"><img loading=\"lazy\" decoding=\"async\" width=\"1707\" height=\"2560\" src=\"https:\/\/www.ger-portugal.com\/wp-content\/uploads\/2023\/03\/RJ-755-scaled.jpg\" class=\"attachment-full size-full\" alt=\"\" srcset=\"https:\/\/www.ger-portugal.com\/wp-content\/uploads\/2023\/03\/RJ-755-scaled.jpg 1707w, https:\/\/www.ger-portugal.com\/wp-content\/uploads\/2023\/03\/RJ-755-200x300.jpg 200w, https:\/\/www.ger-portugal.com\/wp-content\/uploads\/2023\/03\/RJ-755-683x1024.jpg 683w, https:\/\/www.ger-portugal.com\/wp-content\/uploads\/2023\/03\/RJ-755-768x1152.jpg 768w, https:\/\/www.ger-portugal.com\/wp-content\/uploads\/2023\/03\/RJ-755-1024x1536.jpg 1024w, https:\/\/www.ger-portugal.com\/wp-content\/uploads\/2023\/03\/RJ-755-1366x2048.jpg 1366w, https:\/\/www.ger-portugal.com\/wp-content\/uploads\/2023\/03\/RJ-755-1280x1920.jpg 1280w\" sizes=\"auto, (max-width: 1707px) 100vw, 1707px\" \/><\/div>[\/vc_column][vc_column width=&#8221;1\/2&#8243;]<div class=\"grve-element grve-image grve-animated-item grve-zoomIn grve-align-center\" style=\"\" data-delay=\"200\"><img loading=\"lazy\" decoding=\"async\" width=\"2560\" height=\"1707\" src=\"https:\/\/www.ger-portugal.com\/wp-content\/uploads\/2023\/03\/RJ-747-scaled.jpg\" class=\"attachment-full size-full\" alt=\"\" srcset=\"https:\/\/www.ger-portugal.com\/wp-content\/uploads\/2023\/03\/RJ-747-scaled.jpg 2560w, https:\/\/www.ger-portugal.com\/wp-content\/uploads\/2023\/03\/RJ-747-300x200.jpg 300w, https:\/\/www.ger-portugal.com\/wp-content\/uploads\/2023\/03\/RJ-747-1024x683.jpg 1024w, https:\/\/www.ger-portugal.com\/wp-content\/uploads\/2023\/03\/RJ-747-768x512.jpg 768w, https:\/\/www.ger-portugal.com\/wp-content\/uploads\/2023\/03\/RJ-747-1536x1024.jpg 1536w, https:\/\/www.ger-portugal.com\/wp-content\/uploads\/2023\/03\/RJ-747-1920x1280.jpg 1920w\" sizes=\"auto, (max-width: 2560px) 100vw, 2560px\" \/><\/div><div class=\"grve-element grve-image grve-animated-item grve-zoomIn grve-align-center\" style=\"\" data-delay=\"200\"><img loading=\"lazy\" decoding=\"async\" width=\"2560\" height=\"1707\" src=\"https:\/\/www.ger-portugal.com\/wp-content\/uploads\/2023\/03\/RJ-751-scaled.jpg\" class=\"attachment-full size-full\" alt=\"\" srcset=\"https:\/\/www.ger-portugal.com\/wp-content\/uploads\/2023\/03\/RJ-751-scaled.jpg 2560w, https:\/\/www.ger-portugal.com\/wp-content\/uploads\/2023\/03\/RJ-751-300x200.jpg 300w, https:\/\/www.ger-portugal.com\/wp-content\/uploads\/2023\/03\/RJ-751-1024x683.jpg 1024w, https:\/\/www.ger-portugal.com\/wp-content\/uploads\/2023\/03\/RJ-751-768x512.jpg 768w, https:\/\/www.ger-portugal.com\/wp-content\/uploads\/2023\/03\/RJ-751-1536x1024.jpg 1536w, https:\/\/www.ger-portugal.com\/wp-content\/uploads\/2023\/03\/RJ-751-1920x1280.jpg 1920w\" sizes=\"auto, (max-width: 2560px) 100vw, 2560px\" \/><\/div><div class=\"grve-element grve-image grve-align-center\" style=\"\"><img loading=\"lazy\" decoding=\"async\" width=\"560\" height=\"794\" src=\"https:\/\/www.ger-portugal.com\/wp-content\/uploads\/2023\/03\/programa-GER2023.cleaned_Page_01.jpg\" class=\"attachment-full size-full\" alt=\"\" srcset=\"https:\/\/www.ger-portugal.com\/wp-content\/uploads\/2023\/03\/programa-GER2023.cleaned_Page_01.jpg 560w, https:\/\/www.ger-portugal.com\/wp-content\/uploads\/2023\/03\/programa-GER2023.cleaned_Page_01-212x300.jpg 212w\" sizes=\"auto, (max-width: 560px) 100vw, 560px\" \/><\/div>[\/vc_column][\/vc_row]<\/p>\n<\/section>","protected":false},"excerpt":{"rendered":"<p>[vc_row padding_top=&#8221;10%&#8221;][vc_column width=&#8221;1\/2&#8243;][vc_column_text] Com mais de duas centenas de participantes, a 7.\u00aa Reuni\u00e3o Cient\u00edfica GER decorreu dias 24 e 25 de fevereiro, em Lisboa. Dois dias de intensa atividade cient\u00edfica com apresenta\u00e7\u00f5es \u00a0de novidades no dom\u00ednio da retina. O GER agradece a presen\u00e7a de todos os oradores que elevaram a qualidade do evento, bem como [&hellip;]<\/p>\n","protected":false},"author":1,"featured_media":12026,"comment_status":"open","ping_status":"open","sticky":false,"template":"","format":"standard","meta":{"footnotes":""},"categories":[1],"tags":[],"class_list":["post-12024","post","type-post","status-publish","format-standard","has-post-thumbnail","hentry","category-sem-categoria"],"_links":{"self":[{"href":"https:\/\/www.ger-portugal.com\/index.php?rest_route=\/wp\/v2\/posts\/12024","targetHints":{"allow":["GET"]}}],"collection":[{"href":"https:\/\/www.ger-portugal.com\/index.php?rest_route=\/wp\/v2\/posts"}],"about":[{"href":"https:\/\/www.ger-portugal.com\/index.php?rest_route=\/wp\/v2\/types\/post"}],"author":[{"embeddable":true,"href":"https:\/\/www.ger-portugal.com\/index.php?rest_route=\/wp\/v2\/users\/1"}],"replies":[{"embeddable":true,"href":"https:\/\/www.ger-portugal.com\/index.php?rest_route=%2Fwp%2Fv2%2Fcomments&post=12024"}],"version-history":[{"count":8,"href":"https:\/\/www.ger-portugal.com\/index.php?rest_route=\/wp\/v2\/posts\/12024\/revisions"}],"predecessor-version":[{"id":12038,"href":"https:\/\/www.ger-portugal.com\/index.php?rest_route=\/wp\/v2\/posts\/12024\/revisions\/12038"}],"wp:featuredmedia":[{"embeddable":true,"href":"https:\/\/www.ger-portugal.com\/index.php?rest_route=\/wp\/v2\/media\/12026"}],"wp:attachment":[{"href":"https:\/\/www.ger-portugal.com\/index.php?rest_route=%2Fwp%2Fv2%2Fmedia&parent=12024"}],"wp:term":[{"taxonomy":"category","embeddable":true,"href":"https:\/\/www.ger-portugal.com\/index.php?rest_route=%2Fwp%2Fv2%2Fcategories&post=12024"},{"taxonomy":"post_tag","embeddable":true,"href":"https:\/\/www.ger-portugal.com\/index.php?rest_route=%2Fwp%2Fv2%2Ftags&post=12024"}],"curies":[{"name":"wp","href":"https:\/\/api.w.org\/{rel}","templated":true}]}}