{"id":12113,"date":"2023-05-05T15:08:00","date_gmt":"2023-05-05T15:08:00","guid":{"rendered":"https:\/\/www.ger-portugal.com\/?p=12113"},"modified":"2023-06-07T13:54:41","modified_gmt":"2023-06-07T13:54:41","slug":"insight-inscricoes-abertas","status":"publish","type":"post","link":"https:\/\/www.ger-portugal.com\/?p=12113","title":{"rendered":"INSIGHT : Inscri\u00e7\u00f5es abertas"},"content":{"rendered":"<section class=\"wpb-content-wrapper\"><p>[vc_row][vc_column][vc_column_text]<\/p>\n<div class=\"gmail_default\"><strong>INSIGHT : Inscri\u00e7\u00f5es abertas<\/strong><\/div>\n<div><\/div>\n<div class=\"gmail_default\">Este projeto resulta de uma parceria entre a Bayer e o GER e destina-se a internos de 3\u00ba e 4\u00ba ano com interesse na Retina! Est\u00e1 limitado a 35 inscri\u00e7\u00f5es.<\/div>\n<p>[\/vc_column_text][vc_column_text]<\/p>\n<h5 class=\"gmail_default\">Podes-te inscrever at\u00e9 ao dia 15 de junho!<br \/>\nPoder\u00e1s faz\u00ea-lo atrav\u00e9s do e-mail <a href=\"mailto:insight.registos@gmail.com\">insight.registos@gmail.com<\/a>, indicando o nome completo e ano de internato.<\/h5>\n<p>[\/vc_column_text][\/vc_column][\/vc_row][vc_row][vc_column width=&#8221;1\/2&#8243;][vc_column_text]<\/p>\n<p style=\"text-align: center;\"><iframe loading=\"lazy\" style=\"border: none; overflow: hidden;\" src=\"https:\/\/www.facebook.com\/plugins\/video.php?height=514&amp;href=https%3A%2F%2Fwww.facebook.com%2Fgrupo.estudosdaretina%2Fvideos%2F788015196008033%2F&amp;show_text=false&amp;width=760&amp;t=0\" width=\"560\" height=\"314\" frameborder=\"0\" scrolling=\"no\" allowfullscreen=\"allowfullscreen\"><\/iframe><\/p>\n<p>[\/vc_column_text][\/vc_column][vc_column width=&#8221;1\/2&#8243;]<div class=\"grve-element grve-image grve-align-center\" style=\"\"><img loading=\"lazy\" decoding=\"async\" width=\"1000\" height=\"1714\" src=\"https:\/\/www.ger-portugal.com\/wp-content\/uploads\/2023\/05\/web-convite.jpg\" class=\"attachment-full size-full\" alt=\"\" srcset=\"https:\/\/www.ger-portugal.com\/wp-content\/uploads\/2023\/05\/web-convite.jpg 1000w, https:\/\/www.ger-portugal.com\/wp-content\/uploads\/2023\/05\/web-convite-175x300.jpg 175w, https:\/\/www.ger-portugal.com\/wp-content\/uploads\/2023\/05\/web-convite-597x1024.jpg 597w, https:\/\/www.ger-portugal.com\/wp-content\/uploads\/2023\/05\/web-convite-768x1316.jpg 768w, https:\/\/www.ger-portugal.com\/wp-content\/uploads\/2023\/05\/web-convite-896x1536.jpg 896w\" sizes=\"auto, (max-width: 1000px) 100vw, 1000px\" \/><\/div>[\/vc_column][\/vc_row]<\/p>\n<\/section>","protected":false},"excerpt":{"rendered":"<p>[vc_row][vc_column][vc_column_text] INSIGHT : Inscri\u00e7\u00f5es abertas Este projeto resulta de uma parceria entre a Bayer e o GER e destina-se a internos de 3\u00ba e 4\u00ba ano com interesse na Retina! Est\u00e1 limitado a 35 inscri\u00e7\u00f5es. [\/vc_column_text][vc_column_text] Podes-te inscrever at\u00e9 ao dia 15 de junho! Poder\u00e1s faz\u00ea-lo atrav\u00e9s do e-mail insight.registos@gmail.com, indicando o nome completo e [&hellip;]<\/p>\n","protected":false},"author":1,"featured_media":12112,"comment_status":"open","ping_status":"open","sticky":false,"template":"","format":"standard","meta":{"footnotes":""},"categories":[1],"tags":[],"class_list":["post-12113","post","type-post","status-publish","format-standard","has-post-thumbnail","hentry","category-sem-categoria"],"_links":{"self":[{"href":"https:\/\/www.ger-portugal.com\/index.php?rest_route=\/wp\/v2\/posts\/12113","targetHints":{"allow":["GET"]}}],"collection":[{"href":"https:\/\/www.ger-portugal.com\/index.php?rest_route=\/wp\/v2\/posts"}],"about":[{"href":"https:\/\/www.ger-portugal.com\/index.php?rest_route=\/wp\/v2\/types\/post"}],"author":[{"embeddable":true,"href":"https:\/\/www.ger-portugal.com\/index.php?rest_route=\/wp\/v2\/users\/1"}],"replies":[{"embeddable":true,"href":"https:\/\/www.ger-portugal.com\/index.php?rest_route=%2Fwp%2Fv2%2Fcomments&post=12113"}],"version-history":[{"count":10,"href":"https:\/\/www.ger-portugal.com\/index.php?rest_route=\/wp\/v2\/posts\/12113\/revisions"}],"predecessor-version":[{"id":12134,"href":"https:\/\/www.ger-portugal.com\/index.php?rest_route=\/wp\/v2\/posts\/12113\/revisions\/12134"}],"wp:featuredmedia":[{"embeddable":true,"href":"https:\/\/www.ger-portugal.com\/index.php?rest_route=\/wp\/v2\/media\/12112"}],"wp:attachment":[{"href":"https:\/\/www.ger-portugal.com\/index.php?rest_route=%2Fwp%2Fv2%2Fmedia&parent=12113"}],"wp:term":[{"taxonomy":"category","embeddable":true,"href":"https:\/\/www.ger-portugal.com\/index.php?rest_route=%2Fwp%2Fv2%2Fcategories&post=12113"},{"taxonomy":"post_tag","embeddable":true,"href":"https:\/\/www.ger-portugal.com\/index.php?rest_route=%2Fwp%2Fv2%2Ftags&post=12113"}],"curies":[{"name":"wp","href":"https:\/\/api.w.org\/{rel}","templated":true}]}}