{"id":12215,"date":"2023-10-26T08:28:51","date_gmt":"2023-10-26T08:28:51","guid":{"rendered":"https:\/\/www.ger-portugal.com\/?p=12215"},"modified":"2023-10-31T09:32:37","modified_gmt":"2023-10-31T09:32:37","slug":"estao-abertas-as-inscricoes-para-a-reuniao-cientifica-ger-2023","status":"publish","type":"post","link":"https:\/\/www.ger-portugal.com\/?p=12215","title":{"rendered":"Est\u00e3o abertas as inscri\u00e7\u00f5es para a Reuni\u00e3o Cient\u00edfica GER 2023"},"content":{"rendered":"<section class=\"wpb-content-wrapper\"><p>[vc_row][vc_column]<div class=\"grve-element grve-image grve-align-center\" style=\"\"><a href=\"https:\/\/docs.google.com\/forms\/d\/e\/1FAIpQLScxTHQ0X5TCI9acT9yHLd-zUDDmsHuuTlGT8XS2iDhvjQnf9Q\/viewform\" target=\"_blank\" class=\" \"><img loading=\"lazy\" decoding=\"async\" width=\"1414\" height=\"2000\" src=\"https:\/\/www.ger-portugal.com\/wp-content\/uploads\/2023\/10\/PROGRAMA-GER-REDES.jpeg\" class=\"attachment-full size-full\" alt=\"\" srcset=\"https:\/\/www.ger-portugal.com\/wp-content\/uploads\/2023\/10\/PROGRAMA-GER-REDES.jpeg 1414w, https:\/\/www.ger-portugal.com\/wp-content\/uploads\/2023\/10\/PROGRAMA-GER-REDES-212x300.jpeg 212w, https:\/\/www.ger-portugal.com\/wp-content\/uploads\/2023\/10\/PROGRAMA-GER-REDES-724x1024.jpeg 724w, https:\/\/www.ger-portugal.com\/wp-content\/uploads\/2023\/10\/PROGRAMA-GER-REDES-768x1086.jpeg 768w, https:\/\/www.ger-portugal.com\/wp-content\/uploads\/2023\/10\/PROGRAMA-GER-REDES-1086x1536.jpeg 1086w, https:\/\/www.ger-portugal.com\/wp-content\/uploads\/2023\/10\/PROGRAMA-GER-REDES-842x1191.jpeg 842w, https:\/\/www.ger-portugal.com\/wp-content\/uploads\/2023\/10\/PROGRAMA-GER-REDES-1357x1920.jpeg 1357w\" sizes=\"auto, (max-width: 1414px) 100vw, 1414px\" \/><\/a><\/div>[vc_column_text]<\/p>\n<div id=\":4jh\" class=\"ii gt\">\n<div id=\":384\" class=\"a3s aiL \">\n<div dir=\"ltr\">\n<div class=\"gmail_default\">Est\u00e3o abertas as inscri\u00e7\u00f5es para a Reuni\u00e3o Cient\u00edfica GER 2023.<\/div>\n<div class=\"gmail_default\">&#8221; De olho na Diabetes&#8221; decorre dia 25 de novembro no Hotel Monte Real, em Leiria.<\/div>\n<div class=\"gmail_default\"><\/div>\n<div class=\"gmail_default\">Link de inscri\u00e7\u00e3o:<\/div>\n<div class=\"gmail_default\"><a href=\"https:\/\/docs.google.com\/forms\/d\/e\/1FAIpQLScxTHQ0X5TCI9acT9yHLd-zUDDmsHuuTlGT8XS2iDhvjQnf9Q\/viewform\" target=\"_blank\" rel=\"noopener\" data-saferedirecturl=\"https:\/\/www.google.com\/url?q=https:\/\/docs.google.com\/forms\/d\/e\/1FAIpQLScxTHQ0X5TCI9acT9yHLd-zUDDmsHuuTlGT8XS2iDhvjQnf9Q\/viewform&amp;source=gmail&amp;ust=1698395027523000&amp;usg=AOvVaw13UR59_BMXIxO2B-M_C87h\">https:\/\/docs.google.com\/forms\/<wbr \/>d\/e\/<wbr \/>1FAIpQLScxTHQ0X5TCI9acT9yHLd-<wbr \/>zUDDmsHuuTlGT8XS2iDhvjQnf9Q\/<wbr \/>viewform<\/a><\/div>\n<div class=\"yj6qo\"><\/div>\n<div class=\"adL\">\n<div class=\"gmail_signature\" dir=\"ltr\" data-smartmail=\"gmail_signature\">\n<div dir=\"ltr\">\n<div dir=\"ltr\">\n<div dir=\"ltr\">\n<div dir=\"ltr\">\n<div dir=\"ltr\">\n<div dir=\"ltr\">\n<div dir=\"ltr\"><\/div>\n<\/div>\n<\/div>\n<\/div>\n<\/div>\n<\/div>\n<\/div>\n<\/div>\n<\/div>\n<\/div>\n<div class=\"adL\"><\/div>\n<\/div>\n<\/div>\n<div id=\":3mx\" class=\"hq gt\"><\/div>\n<p>[\/vc_column_text][\/vc_column][\/vc_row]<\/p>\n<\/section>","protected":false},"excerpt":{"rendered":"<p>[vc_row][vc_column][vc_column_text] Est\u00e3o abertas as inscri\u00e7\u00f5es para a Reuni\u00e3o Cient\u00edfica GER 2023. &#8221; De olho na Diabetes&#8221; decorre dia 25 de novembro no Hotel Monte Real, em Leiria. Link de inscri\u00e7\u00e3o: https:\/\/docs.google.com\/forms\/d\/e\/1FAIpQLScxTHQ0X5TCI9acT9yHLd-zUDDmsHuuTlGT8XS2iDhvjQnf9Q\/viewform [\/vc_column_text][\/vc_column][\/vc_row]<\/p>\n","protected":false},"author":1,"featured_media":12210,"comment_status":"open","ping_status":"open","sticky":false,"template":"","format":"standard","meta":{"footnotes":""},"categories":[1],"tags":[],"class_list":["post-12215","post","type-post","status-publish","format-standard","has-post-thumbnail","hentry","category-sem-categoria"],"_links":{"self":[{"href":"https:\/\/www.ger-portugal.com\/index.php?rest_route=\/wp\/v2\/posts\/12215","targetHints":{"allow":["GET"]}}],"collection":[{"href":"https:\/\/www.ger-portugal.com\/index.php?rest_route=\/wp\/v2\/posts"}],"about":[{"href":"https:\/\/www.ger-portugal.com\/index.php?rest_route=\/wp\/v2\/types\/post"}],"author":[{"embeddable":true,"href":"https:\/\/www.ger-portugal.com\/index.php?rest_route=\/wp\/v2\/users\/1"}],"replies":[{"embeddable":true,"href":"https:\/\/www.ger-portugal.com\/index.php?rest_route=%2Fwp%2Fv2%2Fcomments&post=12215"}],"version-history":[{"count":3,"href":"https:\/\/www.ger-portugal.com\/index.php?rest_route=\/wp\/v2\/posts\/12215\/revisions"}],"predecessor-version":[{"id":12220,"href":"https:\/\/www.ger-portugal.com\/index.php?rest_route=\/wp\/v2\/posts\/12215\/revisions\/12220"}],"wp:featuredmedia":[{"embeddable":true,"href":"https:\/\/www.ger-portugal.com\/index.php?rest_route=\/wp\/v2\/media\/12210"}],"wp:attachment":[{"href":"https:\/\/www.ger-portugal.com\/index.php?rest_route=%2Fwp%2Fv2%2Fmedia&parent=12215"}],"wp:term":[{"taxonomy":"category","embeddable":true,"href":"https:\/\/www.ger-portugal.com\/index.php?rest_route=%2Fwp%2Fv2%2Fcategories&post=12215"},{"taxonomy":"post_tag","embeddable":true,"href":"https:\/\/www.ger-portugal.com\/index.php?rest_route=%2Fwp%2Fv2%2Ftags&post=12215"}],"curies":[{"name":"wp","href":"https:\/\/api.w.org\/{rel}","templated":true}]}}