{"id":12390,"date":"2025-01-09T10:28:47","date_gmt":"2025-01-09T10:28:47","guid":{"rendered":"https:\/\/www.ger-portugal.com\/?p=12390"},"modified":"2025-01-09T10:29:46","modified_gmt":"2025-01-09T10:29:46","slug":"cophy-2025-promoting-in-portugal","status":"publish","type":"post","link":"https:\/\/www.ger-portugal.com\/?p=12390","title":{"rendered":"COPHy 2025: Promoting in Portugal"},"content":{"rendered":"<section class=\"wpb-content-wrapper\"><p>[vc_row][vc_column]<div class=\"grve-element grve-image grve-align-center\" style=\"\"><img loading=\"lazy\" decoding=\"async\" width=\"3485\" height=\"1963\" src=\"https:\/\/www.ger-portugal.com\/wp-content\/uploads\/2025\/01\/COPHy-2025-Special-offer-for-Portugeese-participants-.png\" class=\"attachment-full size-full\" alt=\"\" srcset=\"https:\/\/www.ger-portugal.com\/wp-content\/uploads\/2025\/01\/COPHy-2025-Special-offer-for-Portugeese-participants-.png 3485w, https:\/\/www.ger-portugal.com\/wp-content\/uploads\/2025\/01\/COPHy-2025-Special-offer-for-Portugeese-participants--300x169.png 300w, https:\/\/www.ger-portugal.com\/wp-content\/uploads\/2025\/01\/COPHy-2025-Special-offer-for-Portugeese-participants--1024x577.png 1024w, https:\/\/www.ger-portugal.com\/wp-content\/uploads\/2025\/01\/COPHy-2025-Special-offer-for-Portugeese-participants--768x433.png 768w, https:\/\/www.ger-portugal.com\/wp-content\/uploads\/2025\/01\/COPHy-2025-Special-offer-for-Portugeese-participants--1536x865.png 1536w, https:\/\/www.ger-portugal.com\/wp-content\/uploads\/2025\/01\/COPHy-2025-Special-offer-for-Portugeese-participants--1170x658.png 1170w, https:\/\/www.ger-portugal.com\/wp-content\/uploads\/2025\/01\/COPHy-2025-Special-offer-for-Portugeese-participants--800x450.png 800w, https:\/\/www.ger-portugal.com\/wp-content\/uploads\/2025\/01\/COPHy-2025-Special-offer-for-Portugeese-participants--1920x1081.png 1920w\" sizes=\"auto, (max-width: 3485px) 100vw, 3485px\" \/><\/div>[vc_column_text]<\/p>\n<div dir=\"auto\">A pr\u00f3xima edi\u00e7\u00e3o COPHy decorre dias 4 e 5 de abril em Sevilha e os participantes portugueses t\u00eam acesso a um c\u00f3digo promocional que garante 15% de desconto na inscri\u00e7\u00e3o.<\/div>\n<div dir=\"auto\">Aproveite para conhecer o programa cient\u00edfico proposto bem como submeter o seu trabalho.<\/div>\n<p>[\/vc_column_text]<div class=\"grve-element grve-align-left\"><a href=\"https:\/\/cophy.comtecmed.com\/scientific-program\/\" target=\"_blank\" class=\"grve-btn grve-btn-medium grve-square grve-bg-primary-1 grve-bg-hover-black\"><span>SABER MAIS<\/span><\/a><\/div>[\/vc_column][\/vc_row]<\/p>\n<\/section>","protected":false},"excerpt":{"rendered":"<p>[vc_row][vc_column][vc_column_text] A pr\u00f3xima edi\u00e7\u00e3o COPHy decorre dias 4 e 5 de abril em Sevilha e os participantes portugueses t\u00eam acesso a um c\u00f3digo promocional que garante 15% de desconto na inscri\u00e7\u00e3o. Aproveite para conhecer o programa cient\u00edfico proposto bem como submeter o seu trabalho. [\/vc_column_text][\/vc_column][\/vc_row]<\/p>\n","protected":false},"author":1,"featured_media":12391,"comment_status":"open","ping_status":"open","sticky":false,"template":"","format":"standard","meta":{"footnotes":""},"categories":[58],"tags":[],"class_list":["post-12390","post","type-post","status-publish","format-standard","has-post-thumbnail","hentry","category-noticias"],"_links":{"self":[{"href":"https:\/\/www.ger-portugal.com\/index.php?rest_route=\/wp\/v2\/posts\/12390","targetHints":{"allow":["GET"]}}],"collection":[{"href":"https:\/\/www.ger-portugal.com\/index.php?rest_route=\/wp\/v2\/posts"}],"about":[{"href":"https:\/\/www.ger-portugal.com\/index.php?rest_route=\/wp\/v2\/types\/post"}],"author":[{"embeddable":true,"href":"https:\/\/www.ger-portugal.com\/index.php?rest_route=\/wp\/v2\/users\/1"}],"replies":[{"embeddable":true,"href":"https:\/\/www.ger-portugal.com\/index.php?rest_route=%2Fwp%2Fv2%2Fcomments&post=12390"}],"version-history":[{"count":2,"href":"https:\/\/www.ger-portugal.com\/index.php?rest_route=\/wp\/v2\/posts\/12390\/revisions"}],"predecessor-version":[{"id":12393,"href":"https:\/\/www.ger-portugal.com\/index.php?rest_route=\/wp\/v2\/posts\/12390\/revisions\/12393"}],"wp:featuredmedia":[{"embeddable":true,"href":"https:\/\/www.ger-portugal.com\/index.php?rest_route=\/wp\/v2\/media\/12391"}],"wp:attachment":[{"href":"https:\/\/www.ger-portugal.com\/index.php?rest_route=%2Fwp%2Fv2%2Fmedia&parent=12390"}],"wp:term":[{"taxonomy":"category","embeddable":true,"href":"https:\/\/www.ger-portugal.com\/index.php?rest_route=%2Fwp%2Fv2%2Fcategories&post=12390"},{"taxonomy":"post_tag","embeddable":true,"href":"https:\/\/www.ger-portugal.com\/index.php?rest_route=%2Fwp%2Fv2%2Ftags&post=12390"}],"curies":[{"name":"wp","href":"https:\/\/api.w.org\/{rel}","templated":true}]}}