{"id":14724,"date":"2025-02-28T16:55:20","date_gmt":"2025-02-28T16:55:20","guid":{"rendered":"https:\/\/www.ger-portugal.com\/?p=14724"},"modified":"2025-02-28T16:55:51","modified_gmt":"2025-02-28T16:55:51","slug":"novo-podcast-ger","status":"publish","type":"post","link":"https:\/\/www.ger-portugal.com\/?p=14724","title":{"rendered":"Novo Podcast GER"},"content":{"rendered":"<section class=\"wpb-content-wrapper\"><p>[vc_row][vc_column]<div class=\"grve-element grve-image grve-align-center\" style=\"\"><img loading=\"lazy\" decoding=\"async\" width=\"1179\" height=\"629\" src=\"https:\/\/www.ger-portugal.com\/wp-content\/uploads\/2025\/02\/podcasr.jpeg\" class=\"attachment-full size-full\" alt=\"\" srcset=\"https:\/\/www.ger-portugal.com\/wp-content\/uploads\/2025\/02\/podcasr.jpeg 1179w, https:\/\/www.ger-portugal.com\/wp-content\/uploads\/2025\/02\/podcasr-300x160.jpeg 300w, https:\/\/www.ger-portugal.com\/wp-content\/uploads\/2025\/02\/podcasr-1024x546.jpeg 1024w, https:\/\/www.ger-portugal.com\/wp-content\/uploads\/2025\/02\/podcasr-768x410.jpeg 768w\" sizes=\"auto, (max-width: 1179px) 100vw, 1179px\" \/><\/div>[\/vc_column][\/vc_row][vc_row][vc_column][vc_column_text]<\/p>\n<div dir=\"auto\"><b>O GER- Grupo de Estudos da Retina acaba de lan\u00e7ar o Podcast \u201cGravado na Retina\u201d um projeto para\u00a0refletir, debater e promover conhecimento cient\u00edfico e literacia junto da sociedade civil\u00a0acerca das doen\u00e7as da retina. Todos os meses, dois oftalmologistas e um doente abordam um novo tema ligado \u00e0 sa\u00fade da retina.<\/b><\/div>\n<div dir=\"auto\"><b>O primeiro epis\u00f3dio \u00e9 lan\u00e7ado no\u00a0<\/b><span style=\"font-size: large;\">Dia Mundial das Doen\u00e7as Raras (rare disease day). H\u00e1 300 milh\u00f5es de pessoas no mundo a viver com doen\u00e7as raras. Nestas, incluem-se as distrofias heredit\u00e1rias da retina,\u00a0<\/span><span style=\"font-size: large;\">um grupo de doen\u00e7as raras, cr\u00f3nicas e progressivas, de base gen\u00e9tica e, na vasta maioria dos casos, sem cur<span class=\"gmail_default\">a,<\/span>\u00a0<\/span>que afetam 1<span class=\"gmail_default\">\u00a0em cada\u00a0<\/span>3<span class=\"gmail_default\">.<\/span>000 indiv\u00edduos. Estima-se que o n\u00famero em Portugal\u00a0r<span class=\"gmail_default\">onde as<\/span>\u00a03<span class=\"gmail_default\">.<\/span>500<span class=\"gmail_default\">\u00a0pessoas.\u00a0<\/span><\/div>\n<div>\n<div class=\"gmail_quote\">\n<div dir=\"ltr\">\n<div>\n<p dir=\"auto\">Os convidad<span class=\"gmail_default\">o<\/span>s deste primeiro epis\u00f3dio s\u00e3o:<\/p>\n<div dir=\"auto\">\n<div dir=\"auto\">\n<div dir=\"auto\">\n<div dir=\"auto\">\n<div dir=\"auto\">\n<div dir=\"auto\">\n<div dir=\"auto\"><span style=\"font-size: large;\"><b>Jo\u00e3o Pedro Marques<\/b>\u00a0<span class=\"gmail_default\">&#8211; Servi\u00e7o de oftalmologia da\u00a0<\/span>ULS-Coimbra<span class=\"gmail_default\">\u00a0e docente na Faculdade de Medicina da Universidade de Coimbra\u00a0<\/span><\/span><\/div>\n<div dir=\"auto\"><span style=\"font-size: large;\"><span class=\"gmail_default\">\u00a0<\/span><\/span><\/div>\n<div><span style=\"font-size: large;\"><span style=\"font-family: trebuchet ms, sans-serif;\"><b>A<\/b><span class=\"gmail_default\"><b>na Marta<\/b>\u00a0&#8211;\u00a0<\/span><\/span><span class=\"gmail_default\">Servi\u00e7o de oftalmologia da\u00a0<\/span>ULS\u00a0<span class=\"gmail_default\">&#8211;<\/span><span class=\"gmail_default\">Santo Ant\u00f3nio, Porto.\u00a0<\/span><\/span><\/div>\n<div dir=\"auto\"><b>\u00a0<\/b><\/div>\n<div dir=\"auto\"><b>H<span class=\"gmail_default\">ugo Nabais Correia &#8211; com<\/span><\/b>\u00a0diagnostico em 2001.<\/div>\n<div dir=\"auto\"><\/div>\n<div dir=\"auto\">Convidamos todos para subscrever o nosso canal:<\/div>\n<div dir=\"auto\">\n<div><\/div>\n<p>no Spotify<\/p>\n<\/div>\n<div dir=\"auto\">\n<div><a href=\"https:\/\/open.spotify.com\/show\/6X6tMyOtWE0fnwhP53wmhn\" target=\"_blank\" rel=\"noopener\" data-saferedirecturl=\"https:\/\/www.google.com\/url?q=https:\/\/open.spotify.com\/show\/6X6tMyOtWE0fnwhP53wmhn&amp;source=gmail&amp;ust=1740827740066000&amp;usg=AOvVaw0hZqbQw0qDNA6YoG5A4XvL\">https:\/\/open.spotify.com\/show\/<wbr \/>6X6tMyOtWE0fnwhP53wmhn<\/a><\/div>\n<\/div>\n<div dir=\"auto\"><\/div>\n<div dir=\"auto\">\n<div>ou Apple Podcasts<\/div>\n<div>\n<div><a href=\"https:\/\/podcasts.apple.com\/us\/podcast\/gravado-na-retina\/id1798983310\" target=\"_blank\" rel=\"noopener\" data-saferedirecturl=\"https:\/\/www.google.com\/url?q=https:\/\/podcasts.apple.com\/us\/podcast\/gravado-na-retina\/id1798983310&amp;source=gmail&amp;ust=1740827740066000&amp;usg=AOvVaw3PKTkMm5WTNlYgbSQXA-La\">https:\/\/podcasts.apple.com\/us\/<wbr \/>podcast\/gravado-na-retina\/<wbr \/>id1798983310<\/a><\/div>\n<\/div>\n<\/div>\n<\/div>\n<\/div>\n<\/div>\n<\/div>\n<\/div>\n<\/div>\n<\/div>\n<\/div>\n<\/div>\n<\/div>\n<p>[\/vc_column_text][\/vc_column][\/vc_row]<\/p>\n<\/section>","protected":false},"excerpt":{"rendered":"<p>[vc_row][vc_column][\/vc_column][\/vc_row][vc_row][vc_column][vc_column_text] O GER- Grupo de Estudos da Retina acaba de lan\u00e7ar o Podcast \u201cGravado na Retina\u201d um projeto para\u00a0refletir, debater e promover conhecimento cient\u00edfico e literacia junto da sociedade civil\u00a0acerca das doen\u00e7as da retina. Todos os meses, dois oftalmologistas e um doente abordam um novo tema ligado \u00e0 sa\u00fade da retina. O primeiro epis\u00f3dio \u00e9 [&hellip;]<\/p>\n","protected":false},"author":1,"featured_media":14725,"comment_status":"open","ping_status":"open","sticky":false,"template":"","format":"standard","meta":{"footnotes":""},"categories":[58],"tags":[],"class_list":["post-14724","post","type-post","status-publish","format-standard","has-post-thumbnail","hentry","category-noticias"],"_links":{"self":[{"href":"https:\/\/www.ger-portugal.com\/index.php?rest_route=\/wp\/v2\/posts\/14724","targetHints":{"allow":["GET"]}}],"collection":[{"href":"https:\/\/www.ger-portugal.com\/index.php?rest_route=\/wp\/v2\/posts"}],"about":[{"href":"https:\/\/www.ger-portugal.com\/index.php?rest_route=\/wp\/v2\/types\/post"}],"author":[{"embeddable":true,"href":"https:\/\/www.ger-portugal.com\/index.php?rest_route=\/wp\/v2\/users\/1"}],"replies":[{"embeddable":true,"href":"https:\/\/www.ger-portugal.com\/index.php?rest_route=%2Fwp%2Fv2%2Fcomments&post=14724"}],"version-history":[{"count":1,"href":"https:\/\/www.ger-portugal.com\/index.php?rest_route=\/wp\/v2\/posts\/14724\/revisions"}],"predecessor-version":[{"id":14726,"href":"https:\/\/www.ger-portugal.com\/index.php?rest_route=\/wp\/v2\/posts\/14724\/revisions\/14726"}],"wp:featuredmedia":[{"embeddable":true,"href":"https:\/\/www.ger-portugal.com\/index.php?rest_route=\/wp\/v2\/media\/14725"}],"wp:attachment":[{"href":"https:\/\/www.ger-portugal.com\/index.php?rest_route=%2Fwp%2Fv2%2Fmedia&parent=14724"}],"wp:term":[{"taxonomy":"category","embeddable":true,"href":"https:\/\/www.ger-portugal.com\/index.php?rest_route=%2Fwp%2Fv2%2Fcategories&post=14724"},{"taxonomy":"post_tag","embeddable":true,"href":"https:\/\/www.ger-portugal.com\/index.php?rest_route=%2Fwp%2Fv2%2Ftags&post=14724"}],"curies":[{"name":"wp","href":"https:\/\/api.w.org\/{rel}","templated":true}]}}